{"id":5673,"date":"2025-07-15T15:43:04","date_gmt":"2025-07-15T12:43:04","guid":{"rendered":"https:\/\/turun-taidegraafikot.fi\/?p=5673"},"modified":"2025-08-19T14:14:16","modified_gmt":"2025-08-19T11:14:16","slug":"ttgn-oma-nayttely-elaimellista-23-7-17-8","status":"publish","type":"post","link":"https:\/\/turun-taidegraafikot.fi\/sv\/uutiset\/ttgn-oma-nayttely-elaimellista-23-7-17-8\/","title":{"rendered":"TTG:S EGEN UTST\u00c4LLNING: DJURISKT 23.7.\u201317.8."},"content":{"rendered":"<p data-start=\"88\" data-end=\"409\">I sommar intar djuren Galleri Joella n\u00e4r TTG:s konstn\u00e4rsmedlemmar tolkar djuriskhet fritt och \u00f6ppet i sina verk. Resultatet \u00e4r ett m\u00e5ngsidigt, rikt och \u00f6verraskande urval av samtida grafik och teckning. Denna omfattande samling med tiotals grafiska tryck erbjuder intressanta perspektiv p\u00e5 djuriskhet och natur i v\u00e5r tid.<\/p>\n<p data-start=\"411\" data-end=\"661\">Under temat behandlas fr\u00e5gor om milj\u00f6, artf\u00f6rlust, biologisk m\u00e5ngfald, v\u00e4nskap, flockbeteende och omsorg. Djuriskt \u00e4r s\u00e5v\u00e4l kattungar som myggor och f\u00e4stingar. Utst\u00e4llningen reflekterar \u00e4ven \u00f6ver m\u00e4nniskans djuriskhet och relationer till andra arter.<\/p>\n<p data-start=\"663\" data-end=\"801\">Utst\u00e4llningen presenterar ett helt\u00e4ckande utbud av konstgrafik \u2013 fr\u00e5n djuptryck till serigrafi \u2013 samt teckningskonst i m\u00e5nga olika former.<\/p>\n<p data-start=\"803\" data-end=\"830\"><strong data-start=\"803\" data-end=\"830\">Medverkande konstn\u00e4rer:<\/strong><\/p>\n<p data-start=\"832\" data-end=\"1410\">Ala-Olla Merja, Albrecht Maija, Haanp\u00e4\u00e4 Markku, Haapanen Janina, Hairo Saija, Hakala Outimaija, Helenius Matti, Hilli Anneli, Hilska Anna, Jaakola Hanna, Kallio Petra, Ketola Sirkku, Kivisaari Aino, Laine Miina, Lappalainen Minna Maija, Lehto Teija, Leka Lotta, Manninen Sara, Miettinen Laura, M\u00e4\u00e4tt\u00e4l\u00e4 Eliisa, Raaterova Inari, Salonen Marja, Salonen Taru, Suominen Niina, Tahvanainen Laura, Tammi Hanna, Ter\u00e4v\u00e4inen Pirkko, Thusberg Panu, Tikka Tea, Toivettula Aino, Tuomaala Kaisu, Vainio Tiina, Vannucchi And\u00e9a, Varis Hanna, Viljanen Jirko, Vuorinen Helena Marja, Ylitalo Merja<\/p>","protected":false},"excerpt":{"rendered":"<p>I sommar intar djuren Galleri Joella n\u00e4r TTG:s konstn\u00e4rsmedlemmar tolkar djuriskhet fritt och \u00f6ppet i sina verk. Resultatet \u00e4r ett m\u00e5ngsidigt, rikt och \u00f6verraskande urval av samtida grafik och teckning. &#8230;<\/p>\n","protected":false},"author":4,"featured_media":5674,"comment_status":"closed","ping_status":"closed","sticky":false,"template":"","format":"standard","meta":{"rs_blank_template":"","rs_page_bg_color":"","slide_template_v7":"","footnotes":""},"categories":[1],"tags":[],"class_list":["post-5673","post","type-post","status-publish","format-standard","has-post-thumbnail","hentry","category-uutiset"],"_links":{"self":[{"href":"https:\/\/turun-taidegraafikot.fi\/sv\/wp-json\/wp\/v2\/posts\/5673","targetHints":{"allow":["GET"]}}],"collection":[{"href":"https:\/\/turun-taidegraafikot.fi\/sv\/wp-json\/wp\/v2\/posts"}],"about":[{"href":"https:\/\/turun-taidegraafikot.fi\/sv\/wp-json\/wp\/v2\/types\/post"}],"author":[{"embeddable":true,"href":"https:\/\/turun-taidegraafikot.fi\/sv\/wp-json\/wp\/v2\/users\/4"}],"replies":[{"embeddable":true,"href":"https:\/\/turun-taidegraafikot.fi\/sv\/wp-json\/wp\/v2\/comments?post=5673"}],"version-history":[{"count":3,"href":"https:\/\/turun-taidegraafikot.fi\/sv\/wp-json\/wp\/v2\/posts\/5673\/revisions"}],"predecessor-version":[{"id":5713,"href":"https:\/\/turun-taidegraafikot.fi\/sv\/wp-json\/wp\/v2\/posts\/5673\/revisions\/5713"}],"wp:featuredmedia":[{"embeddable":true,"href":"https:\/\/turun-taidegraafikot.fi\/sv\/wp-json\/wp\/v2\/media\/5674"}],"wp:attachment":[{"href":"https:\/\/turun-taidegraafikot.fi\/sv\/wp-json\/wp\/v2\/media?parent=5673"}],"wp:term":[{"taxonomy":"category","embeddable":true,"href":"https:\/\/turun-taidegraafikot.fi\/sv\/wp-json\/wp\/v2\/categories?post=5673"},{"taxonomy":"post_tag","embeddable":true,"href":"https:\/\/turun-taidegraafikot.fi\/sv\/wp-json\/wp\/v2\/tags?post=5673"}],"curies":[{"name":"wp","href":"https:\/\/api.w.org\/{rel}","templated":true}]}}