{"id":3025,"date":"2023-02-13T14:23:54","date_gmt":"2023-02-13T12:23:54","guid":{"rendered":"https:\/\/turun-taidegraafikot.fi\/?p=3025"},"modified":"2023-04-09T13:19:05","modified_gmt":"2023-04-09T10:19:05","slug":"nayttelyhaku-vuodelle-2024-nyt-avoinna","status":"publish","type":"post","link":"https:\/\/turun-taidegraafikot.fi\/sv\/uutiset\/nayttelyhaku-vuodelle-2024-nyt-avoinna\/","title":{"rendered":"ANS\u00d6KAN OM UTST\u00c4LLNING 2024"},"content":{"rendered":"Ans\u00f6kningstiden har utg\u00e5tt. (31.3.23)<\/p>\n<p>&nbsp;<\/p>\n<p>Galleria Joella \u00e4r \u00c5bo Konstgrafikers galleria, d\u00e4r det ordnas 13 h\u00f6gklassiga utst\u00e4llningar per \u00e5r.<\/p>\n<p><strong>Nu kan du ans\u00f6ka om att ha utst\u00e4llning i Galleria Joella \u00e5r 2024!<\/strong><\/p>\n<p>Utst\u00e4llningarna grundas p\u00e5 en \u00e5rlig \u00f6ppen ans\u00f6kan, och de v\u00e4ljs nu i april 2023. Valen g\u00f6rs av f\u00f6reningens styrelse.<\/p>\n<p><strong>Ans\u00f6kan till Galleria Joella avslutas 31.3.2023.<\/strong><\/p>\n<p>Ans\u00f6kan per e-post till:\u00a0 galleria@turun-taidegraafikot.fi<\/p>\n<p>Utst\u00e4llningsavgift: TTG:s medlemmar 950 \u20ac, icke-medlemmar 1200 \u20ac \/utst\u00e4llning.<\/p>\n<p>Utst\u00e4llningstiden \u00e4r 3 och en halv vecka. I hyran ing\u00e5r bevakning av utrymmet, pressmeddelanden och inbjudningar per e-post.<\/p>\n<p>Gallerians utrymme: 70 m\u00b2<\/p>\n<p>V\u00e4ggarnas l\u00f6pmeter: ca 27 m<\/p>\n<p>Rumsh\u00f6jd: 2,7 m<\/p>\n<p>Bakre v\u00e4ggen: 2,6m h\u00f6jd x 2,4m bredd.<\/p>\n<p>F\u00f6rs\u00e4ljningsprovision: 30%<\/p>\n<p>Bottenplan:<\/p>\n<p><a href=\"http:\/\/turun-taidegraafikot.fi\/wp-content\/uploads\/2019\/01\/joella_pohjapiirros_2019.pdf\">joella_pohjapiirros_2019 Ladda ner<\/a><\/p>\n<p>Ans\u00f6kningsblankett:<\/p>\n<p><a href=\"https:\/\/turun-taidegraafikot.fi\/wp-content\/uploads\/2023\/02\/haku-JOELLA-2024.pdf\">haku JOELLA 2024<\/a><\/p>\n<p>&nbsp;<\/p>\n<p><strong>INSTRUKTIONER TILL ANS\u00d6KAN:<\/strong><\/p>\n<p>Skicka ans\u00f6kan och alla bilagor som pdf. Ans\u00f6kan helst som en enda pdf. Obs! Skriv inte ans\u00f6kan i e-postens textf\u00e4lt, utan bifoga den som pdf.<\/p>\n<p><strong>I ans\u00f6kan skall ing\u00e5:<\/strong><\/p>\n<p>5 \u2013 10 bilder + lista \u00f6ver verken, d\u00e4r det framg\u00e5r verkens tillverknings\u00e5r, storlek och teknik.<\/p>\n<p>CV<\/p>\n<p>Plan f\u00f6r utst\u00e4llningen<\/p>\n<p><em>Meddela i ans\u00f6kan \u00f6nskem\u00e5l f\u00f6r utst\u00e4llningens tidpunkt. F\u00f6reningen v\u00e4ljer i sistahand tidpunkten f\u00f6r uts\u00e4llningarna.<\/em><\/p>\n<p>Skicka ans\u00f6kan till: galleria@turun-taidegraafikot.fi<\/p>\n<p>eller som brev till adressen: Galleria Joella, V\u00e4stra strandgatan 21, 20100 \u00c5bo<\/p>\n<p>Mer information: VD Kirsi Suokas, galleria@turun-taidegraafikot.fi,\u00a0 tel 050 543 2672.","protected":false},"excerpt":{"rendered":"<p>Ans\u00f6kningstiden har utg\u00e5tt. (31.3.23) &nbsp; Galleria Joella \u00e4r \u00c5bo Konstgrafikers galleria, d\u00e4r det ordnas 13 h\u00f6gklassiga utst\u00e4llningar per \u00e5r. Nu kan du ans\u00f6ka om att ha utst\u00e4llning i Galleria Joella &#8230;<\/p>\n","protected":false},"author":3,"featured_media":3026,"comment_status":"closed","ping_status":"closed","sticky":false,"template":"","format":"standard","meta":{"rs_blank_template":"","rs_page_bg_color":"","slide_template_v7":"","footnotes":""},"categories":[1],"tags":[],"class_list":["post-3025","post","type-post","status-publish","format-standard","has-post-thumbnail","hentry","category-uutiset"],"_links":{"self":[{"href":"https:\/\/turun-taidegraafikot.fi\/sv\/wp-json\/wp\/v2\/posts\/3025","targetHints":{"allow":["GET"]}}],"collection":[{"href":"https:\/\/turun-taidegraafikot.fi\/sv\/wp-json\/wp\/v2\/posts"}],"about":[{"href":"https:\/\/turun-taidegraafikot.fi\/sv\/wp-json\/wp\/v2\/types\/post"}],"author":[{"embeddable":true,"href":"https:\/\/turun-taidegraafikot.fi\/sv\/wp-json\/wp\/v2\/users\/3"}],"replies":[{"embeddable":true,"href":"https:\/\/turun-taidegraafikot.fi\/sv\/wp-json\/wp\/v2\/comments?post=3025"}],"version-history":[{"count":6,"href":"https:\/\/turun-taidegraafikot.fi\/sv\/wp-json\/wp\/v2\/posts\/3025\/revisions"}],"predecessor-version":[{"id":3186,"href":"https:\/\/turun-taidegraafikot.fi\/sv\/wp-json\/wp\/v2\/posts\/3025\/revisions\/3186"}],"wp:featuredmedia":[{"embeddable":true,"href":"https:\/\/turun-taidegraafikot.fi\/sv\/wp-json\/wp\/v2\/media\/3026"}],"wp:attachment":[{"href":"https:\/\/turun-taidegraafikot.fi\/sv\/wp-json\/wp\/v2\/media?parent=3025"}],"wp:term":[{"taxonomy":"category","embeddable":true,"href":"https:\/\/turun-taidegraafikot.fi\/sv\/wp-json\/wp\/v2\/categories?post=3025"},{"taxonomy":"post_tag","embeddable":true,"href":"https:\/\/turun-taidegraafikot.fi\/sv\/wp-json\/wp\/v2\/tags?post=3025"}],"curies":[{"name":"wp","href":"https:\/\/api.w.org\/{rel}","templated":true}]}}